{"id":89875,"date":"2026-02-06T05:09:56","date_gmt":"2026-02-06T10:09:56","guid":{"rendered":"https:\/\/www.cliniquetagmed.com\/prothese-discale-lombaire-criteres-deligibilite-2.html"},"modified":"2026-02-06T05:10:20","modified_gmt":"2026-02-06T10:10:20","slug":"prothese-discale-lombaire-criteres-deligibilite-2","status":"publish","type":"post","link":"https:\/\/www.cliniquetagmed.com\/en\/prothese-discale-lombaire-criteres-deligibilite-2.html","title":{"rendered":"Proth\u00e8se discale lombaire : crit\u00e8res d\u2019\u00e9ligibilit\u00e9"},"content":{"rendered":"<p>La proth\u00e8se discale lombaire repr\u00e9sente une avanc\u00e9e majeure dans le traitement chirurgical des pathologies discales, offrant une alternative innovante pour les patients souffrant de douleurs lombaires persistantes dues \u00e0 la d\u00e9g\u00e9n\u00e9rescence discale. Cette technologie r\u00e9sulte d\u2019une volont\u00e9 de pr\u00e9server la mobilit\u00e9 vert\u00e9brale tout en assurant une stabilisation ad\u00e9quate du rachis lombaire. Sp\u00e9cialis\u00e9e dans les implants dynamiques comme le syst\u00e8me TOPS ou IntraSPINE, la chirurgie du dos moderne en France, en collaboration avec des experts reconnus, se distingue par une approche rigoureuse et innovante. Ces nouvelles techniques ont s\u00e9duit de nombreux patients qu\u00e9b\u00e9cois cherchant \u00e0 contourner les d\u00e9lais longs et les co\u00fbts \u00e9lev\u00e9s des interventions locales.<\/p>\n\n<p>L\u2019\u00e9ligibilit\u00e9 \u00e0 une <a class=\"wpil_keyword_link\" href=\"https:\/\/www.sostourismemedical.com\/chirurgie\/prothese-discale\/\" target=\"_blank\" rel=\"noopener\" title=\"proth\u00e8se discale\" data-wpil-keyword-link=\"linked\" data-wpil-monitor-id=\"1356\">proth\u00e8se discale<\/a> lombaire repose sur une \u00e9valuation pr\u00e9cise, int\u00e9grant l\u2019imagerie m\u00e9dicale d\u00e9taill\u00e9e, les r\u00e9sultats des traitements conservateurs, ainsi que la nature et la localisation de la pathologie discale. En ce sens, la collaboration transatlantique entre \u00e9quipes m\u00e9dicales fran\u00e7aises et sp\u00e9cialistes qu\u00e9b\u00e9cois, notamment via des plateformes comme <a class=\"wpil_keyword_link\" href=\"https:\/\/www.sostourismemedical.com\/\" target=\"_blank\" rel=\"noopener\" title=\"SOS Tourisme M\u00e9dical\" data-wpil-keyword-link=\"linked\" data-wpil-monitor-id=\"1358\">SOS Tourisme M\u00e9dical<\/a>, garantit un parcours de soins parfaitement coordonn\u00e9. Ce parcours s\u2019\u00e9tend de l\u2019\u00e9valuation initiale \u00e0 la r\u00e9\u00e9ducation post-op\u00e9ratoire, m\u00ealant innovation technologique et accompagnement humain personnalis\u00e9. La proth\u00e8se discale appara\u00eet donc comme une solution sur mesure, adapt\u00e9e \u00e0 certains profils sp\u00e9cifiques de patients actifs, soucieux de retrouver leur mobilit\u00e9 sans passer par la <a class=\"wpil_keyword_link\" href=\"https:\/\/www.sostourismemedical.com\/chirurgie\/fusion\/\" target=\"_blank\" rel=\"noopener\" title=\"fusion\" data-wpil-keyword-link=\"linked\" data-wpil-monitor-id=\"1361\">fusion<\/a> vert\u00e9brale traditionnelle.<\/p>\n\n<h2 class=\"wp-block-heading\">Le choix de la proth\u00e8se discale lombaire face aux options chirurgicales du dos<\/h2>\n\n<p>Dans le panorama des interventions chirurgicales du dos, la proth\u00e8se discale lombaire incarne une tournure novatrice, face aux techniques plus classiques que sont la fusion vert\u00e9brale ou la d\u00e9compression simple. L\u2019expertise de chirurgiens fran\u00e7ais sp\u00e9cialis\u00e9s dans les implants dynamiques, associ\u00e9s aux avanc\u00e9es biom\u00e9caniques, offre aux patients une alternative qui maintient la souplesse naturelle de la colonne lombaire. Cette pr\u00e9servation est essentielle pour limiter les limitations fonctionnelles post-op\u00e9ratoires et favoriser un retour rapide \u00e0 une activit\u00e9 normale.<\/p>\n\n<p>La fusion vert\u00e9brale consiste \u00e0 immobiliser d\u00e9finitivement un segment de la colonne afin de soulager la douleur, en supprimant tout mouvement au niveau du disque endommag\u00e9. Cette m\u00e9thode, malgr\u00e9 son efficacit\u00e9 dans certains cas, pr\u00e9sente n\u00e9anmoins des inconv\u00e9nients notables, tels que la survenue d\u2019arthrose adjacentielle pouvant entra\u00eener la d\u00e9gradation des segments voisins \u00e0 moyen terme. \u00c0 l\u2019inverse, la proth\u00e8se discale dynamique, qu\u2019il s\u2019agisse du syst\u00e8me TOPS ou de l\u2019implant <a class=\"wpil_keyword_link\" href=\"https:\/\/www.sostourismemedical.com\/chirurgie\/intraspine\/\" target=\"_blank\" rel=\"noopener\" title=\"IntraSPINE\" data-wpil-keyword-link=\"linked\" data-wpil-monitor-id=\"1355\">IntraSPINE<\/a>, vise \u00e0 remplacer le disque us\u00e9 tout en conservant la mobilit\u00e9 physiologique entre les vert\u00e8bres.<\/p>\n\n<p>Le choix entre ces options repose sur une analyse rigoureuse des crit\u00e8res cliniques et radiologiques. Par exemple, une d\u00e9g\u00e9n\u00e9rescence discale limit\u00e9e \u00e0 un ou deux niveaux avec un bon \u00e9tat des facettes articulaires sera plus favorable \u00e0 une proth\u00e8se discale. En outre, les patients avec une douleur lombaire chronique, r\u00e9sistante aux traitements m\u00e9dicaux conservateurs, trouveront dans ces implants avanc\u00e9s une solution adapt\u00e9e qui conjugue s\u00e9curit\u00e9 et efficacit\u00e9. Cela \u00e9tant, la proth\u00e8se discale n\u2019est pas recommand\u00e9e dans les cas de scoliose importante, d\u2019ost\u00e9oporose s\u00e9v\u00e8re ou de pathologies infectieuses, qui restent des contre-indications classiques.<\/p>\n\n<p>Les innovations techniques fran\u00e7aises permettent \u00e0 des \u00e9quipes comme celles de la <a href=\"https:\/\/www.cliniquetagmed.com\/prothese-discale-lombaire-criteres-deligibilite.html\">Clinique TAGMED<\/a> de proposer une expertise de pointe. En effet, elles combinent une approche multidisciplinaire accueillant neurochirurgiens, ing\u00e9nieurs biom\u00e9dicaux et physioth\u00e9rapeutes pour optimiser la r\u00e9ussite chirurgicale. Ce cadre assure que chaque patient b\u00e9n\u00e9ficie d\u2019une \u00e9valuation personnalis\u00e9e, r\u00e9fl\u00e9chie, et conforme aux meilleures pratiques internationales en <a class=\"wpil_keyword_link\" href=\"https:\/\/www.sostourismemedical.com\/chirurgie-du-rachis\/\" target=\"_blank\" rel=\"noopener\" title=\"chirurgie du rachis\" data-wpil-keyword-link=\"linked\" data-wpil-monitor-id=\"1359\">chirurgie du rachis<\/a>.<\/p>\n\n<figure class=\"wp-block-image size-full\"><img loading=\"lazy\" decoding=\"async\" width=\"1536\" height=\"1024\" src=\"https:\/\/www.cliniquetagmed.com\/wp-content\/uploads\/2026\/02\/Prothese-discale-lombaire-criteres-deligibilite-5.jpg\" alt=\"d\u00e9couvrez les crit\u00e8res d\u2019\u00e9ligibilit\u00e9 pour une proth\u00e8se discale lombaire et comprenez les indications m\u00e9dicales pour cette intervention.\" class=\"wp-image-89872\" title=\"\" srcset=\"https:\/\/www.cliniquetagmed.com\/wp-content\/uploads\/2026\/02\/Prothese-discale-lombaire-criteres-deligibilite-5.jpg 1536w, https:\/\/www.cliniquetagmed.com\/wp-content\/uploads\/2026\/02\/Prothese-discale-lombaire-criteres-deligibilite-5-300x200.jpg 300w, https:\/\/www.cliniquetagmed.com\/wp-content\/uploads\/2026\/02\/Prothese-discale-lombaire-criteres-deligibilite-5-1024x683.jpg 1024w, https:\/\/www.cliniquetagmed.com\/wp-content\/uploads\/2026\/02\/Prothese-discale-lombaire-criteres-deligibilite-5-768x512.jpg 768w, https:\/\/www.cliniquetagmed.com\/wp-content\/uploads\/2026\/02\/Prothese-discale-lombaire-criteres-deligibilite-5-18x12.jpg 18w, https:\/\/www.cliniquetagmed.com\/wp-content\/uploads\/2026\/02\/Prothese-discale-lombaire-criteres-deligibilite-5-113x75.jpg 113w, https:\/\/www.cliniquetagmed.com\/wp-content\/uploads\/2026\/02\/Prothese-discale-lombaire-criteres-deligibilite-5-480x320.jpg 480w, https:\/\/www.cliniquetagmed.com\/wp-content\/uploads\/2026\/02\/Prothese-discale-lombaire-criteres-deligibilite-5-150x100.jpg 150w\" sizes=\"auto, (max-width:767px) 480px, (max-width:1536px) 100vw, 1536px\" \/><figcaption><\/figcaption><\/figure>\n\n<h2 class=\"wp-block-heading\">Les crit\u00e8res d\u2019\u00e9ligibilit\u00e9 d\u00e9taill\u00e9s pour envisager une proth\u00e8se discale lombaire<\/h2>\n\n<p>L\u2019\u00e9ligibilit\u00e9 \u00e0 une proth\u00e8se discale lombaire repose sur un ensemble pr\u00e9cis de crit\u00e8res qui garantissent la r\u00e9ussite de l\u2019intervention et la s\u00e9curit\u00e9 du patient. La s\u00e9v\u00e9rit\u00e9 des sympt\u00f4mes, la confirmation radiologique par imagerie m\u00e9dicale avanc\u00e9e (IRM, scanner), ainsi que l\u2019absence d\u2019alt\u00e9ration importante des structures vert\u00e9brales adjacentes, sont des \u00e9l\u00e9ments fondamentaux \u00e0 analyser.<\/p>\n\n<p>Tout d\u2019abord, la douleur lombaire doit \u00eatre attribuable principalement \u00e0 une d\u00e9g\u00e9n\u00e9rescence discale confirm\u00e9e. Cette pathologie discale est caract\u00e9ris\u00e9e par une alt\u00e9ration progressive du disque intervert\u00e9bral, entra\u00eenant une r\u00e9duction de son \u00e9paisseur, une instabilit\u00e9 segmentaire et une inflammation locale. Les patients \u00e9ligibles ont typiquement un ou deux niveaux touch\u00e9s, sans signes d\u2019arthrose avanc\u00e9e des articulations post\u00e9rieures ou de <a class=\"wpil_keyword_link\" href=\"https:\/\/cliniquetagmed.com\/stenose-foraminale\" title=\"St\u00e9nose foraminale\" data-wpil-keyword-link=\"linked\" data-wpil-monitor-id=\"1357\">st\u00e9nose foraminale<\/a> s\u00e9v\u00e8re. La douleur doit \u00e9galement \u00eatre suffisamment invalidante pour impacter la qualit\u00e9 de vie et persistante apr\u00e8s plusieurs mois de traitements conservateurs.<\/p>\n\n<p>La <strong>r\u00e9ponse aux soins non chirurgicaux<\/strong> est un facteur d\u00e9cisif. En effet, la chirurgie envisag\u00e9e apr\u00e8s une p\u00e9riode de 3 \u00e0 6 mois de prise en charge compl\u00e8te, comprenant la r\u00e9\u00e9ducation, la physioth\u00e9rapie et le traitement m\u00e9dical adapt\u00e9, doit \u00eatre r\u00e9serv\u00e9e aux cas o\u00f9 les sympt\u00f4mes restent invalidants. Cette \u00e9tape est cruciale pour \u00e9viter la chirurgie inutile et pour identifier les patients qui b\u00e9n\u00e9ficieront le plus de la proth\u00e8se discale. La clinique TAGMED, reconnue pour ses pratiques avanc\u00e9es en traitements non chirurgicaux de la lombalgie, joue un r\u00f4le majeur dans cette s\u00e9lection.<\/p>\n\n<p>Les restrictions anatomiques sont aussi \u00e0 prendre en compte. Une mobilit\u00e9 segmentaire suffisante, une absence de d\u00e9formation structurale majeure et une densit\u00e9 osseuse ad\u00e9quate sont indispensables pour garantir la stabilit\u00e9 de l\u2019implant. \u00c0 l\u2019inverse, les patients pr\u00e9sentant une scoliose importante, une discopathie trop \u00e9tendue, ou des ant\u00e9c\u00e9dents d\u2019infection vert\u00e9brale ne sont g\u00e9n\u00e9ralement pas candidats. Par ailleurs, un bilan neurologique rigoureux permet de valider l\u2019absence de l\u00e9sions nerveuses s\u00e9v\u00e8res qui n\u00e9cessiteraient d\u2019autres prises en charge.<\/p>\n\n<p>Un tableau synth\u00e9tique des crit\u00e8res d\u2019\u00e9ligibilit\u00e9 majeurs illustre cette s\u00e9lection :<\/p>\n\n<figure class=\"wp-block-table\"><table>\n<thead>\n<tr>\n<th>Crit\u00e8res Favorables<\/th>\n<th>Contre-indications Principales<\/th>\n<\/tr>\n<\/thead>\n<tbody>\n<tr>\n<td>Douleur lombaire invalidante persistant 3-6 mois<\/td>\n<td>Scoliose s\u00e9v\u00e8re ou d\u00e9formations rachidiennes importantes<\/td>\n<\/tr>\n<tr>\n<td>Pathologie discale localis\u00e9e (1-2 niveaux)<\/td>\n<td>Ost\u00e9oporose avanc\u00e9e<\/td>\n<\/tr>\n<tr>\n<td>Bonne mobilit\u00e9 segmentaire et qualit\u00e9 osseuse<\/td>\n<td>Infections vert\u00e9brales<\/td>\n<\/tr>\n<tr>\n<td>Absence d\u2019arthrose s\u00e9v\u00e8re des facettes articulaires<\/td>\n<td>St\u00e9nose foraminale s\u00e9v\u00e8re<\/td>\n<\/tr>\n<tr>\n<td>R\u00e9ponse insuffisante aux traitements conservateurs<\/td>\n<td>Douleurs neurologiques majeures n\u00e9cessitant d\u00e9compression nerveuse<\/td>\n<\/tr>\n<\/tbody>\n<\/table><\/figure>\n\n<p>En synth\u00e8se, la d\u00e9cision repose sur une harmonisation des donn\u00e9es cliniques, radiologiques et fonctionnelles, assurant la meilleure ad\u00e9quation entre les caract\u00e9ristiques du patient et les b\u00e9n\u00e9fices attendus. Une consultation experte int\u00e9grant cette \u00e9valuation compl\u00e8te est disponible pour tous les patients int\u00e9ress\u00e9s par ces solutions chirurgicales avanc\u00e9es.<\/p>\n\n<figure class=\"is-provider-youtube is-type-video wp-block-embed wp-block-embed-youtube wp-embed-aspect-16-9 wp-has-aspect-ratio\"><div class=\"wp-block-embed__wrapper\">\n<iframe loading=\"lazy\" title=\"La hernie discale lombaire : t\u00e9moignage d&#039;une patiente\" width=\"1220\" height=\"686\" src=\"https:\/\/www.youtube.com\/embed\/V0sHlexvWso?feature=oembed\" frameborder=\"0\" allow=\"accelerometer; autoplay; clipboard-write; encrypted-media; gyroscope; picture-in-picture; web-share\" referrerpolicy=\"strict-origin-when-cross-origin\" allowfullscreen><\/iframe>\n<\/div><\/figure>\n\n<h2 class=\"wp-block-heading\">B\u00e9n\u00e9fices biom\u00e9caniques et fonctionnels des implants dynamiques pour la lombalgie<\/h2>\n\n<p>L\u2019un des principaux atouts des implants dynamiques comme la proth\u00e8se discale lombaire r\u00e9side dans leur capacit\u00e9 \u00e0 pr\u00e9server la mobilit\u00e9 physiologique du rachis. Cette caract\u00e9ristique est essentielle pour limiter les complications secondaires fr\u00e9quemment associ\u00e9es \u00e0 la fusion vert\u00e9brale.<\/p>\n\n<p>Sur le plan biom\u00e9canique, ces proth\u00e8ses mim\u00e9tisent la fonction naturelle du disque intervert\u00e9bral en offrant une amplitude de mouvement contr\u00f4l\u00e9e tout en supportant les contraintes m\u00e9caniques du tronc. Ainsi, le syst\u00e8me TOPS ou l\u2019implant IntraSPINE restaurent la hauteur discale, pr\u00e9viennent l\u2019instabilit\u00e9 segmentaire et r\u00e9duisent la surcharge sur les niveaux adjacents. Ces propri\u00e9t\u00e9s techniques minimisent le risque de d\u00e9g\u00e9n\u00e9rescence segmentaire secondaire, tout en am\u00e9liorant la qualit\u00e9 de vie du patient.<\/p>\n\n<p>Du point de vue fonctionnel, la restauration ou la conservation de la mobilit\u00e9 favorise un retour plus rapide aux activit\u00e9s quotidiennes, aux loisirs sportifs et \u00e0 la vie professionnelle. Les patients rapportent fr\u00e9quemment une r\u00e9duction significative de la douleur et une meilleure tol\u00e9rance aux efforts physiques, \u00e9l\u00e9ments essentiels pour les patients actifs. Ces b\u00e9n\u00e9fices am\u00e9liorent consid\u00e9rablement l\u2019autonomie et la confiance dans la r\u00e9cup\u00e9ration post-op\u00e9ratoire.<\/p>\n\n<p>Par ailleurs, l\u2019int\u00e9gration de technologies avanc\u00e9es permet d\u2019adapter pr\u00e9cis\u00e9ment l\u2019implant \u00e0 l\u2019anatomie et aux besoins sp\u00e9cifiques du patient. Cette personnalisation chirurgicale s\u2019appuie sur des outils d\u2019imagerie m\u00e9dicale de haute r\u00e9solution et sur des protocoles op\u00e9ratoires innovants, assurant ainsi une pose rigoureuse et s\u00e9curis\u00e9e de l\u2019implant. Elle s\u2019inscrit dans un souci permanent de rigueur scientifique et de s\u00e9curit\u00e9, conform\u00e9ment aux normes internationales.<\/p>\n\n<p>Enfin, la r\u00e9\u00e9ducation post-op\u00e9ratoire joue un r\u00f4le cl\u00e9. Associ\u00e9e \u00e0 une prise en charge multidisciplinaire, elle consolide les acquis de la chirurgie, soutient la mobilit\u00e9 segmentaire restaur\u00e9e et optimise la r\u00e9cup\u00e9ration fonctionnelle sur le long terme. Le suivi personnalis\u00e9, organis\u00e9 entre le Qu\u00e9bec et la France, garantit un accompagnement m\u00e9dical complet et rassurant pour les patients.<\/p>\n\n<figure class=\"wp-block-image size-full\"><img loading=\"lazy\" decoding=\"async\" width=\"1024\" height=\"1024\" src=\"https:\/\/www.cliniquetagmed.com\/wp-content\/uploads\/2026\/02\/Prothese-discale-lombaire-criteres-deligibilite-6.jpg\" alt=\"d\u00e9couvrez les crit\u00e8res d\u2019\u00e9ligibilit\u00e9 pour une proth\u00e8se discale lombaire et informez-vous sur cette solution innovante pour soulager les douleurs du bas du dos.\" class=\"wp-image-89873\" title=\"\" srcset=\"https:\/\/www.cliniquetagmed.com\/wp-content\/uploads\/2026\/02\/Prothese-discale-lombaire-criteres-deligibilite-6.jpg 1024w, https:\/\/www.cliniquetagmed.com\/wp-content\/uploads\/2026\/02\/Prothese-discale-lombaire-criteres-deligibilite-6-300x300.jpg 300w, https:\/\/www.cliniquetagmed.com\/wp-content\/uploads\/2026\/02\/Prothese-discale-lombaire-criteres-deligibilite-6-150x150.jpg 150w, https:\/\/www.cliniquetagmed.com\/wp-content\/uploads\/2026\/02\/Prothese-discale-lombaire-criteres-deligibilite-6-768x768.jpg 768w, https:\/\/www.cliniquetagmed.com\/wp-content\/uploads\/2026\/02\/Prothese-discale-lombaire-criteres-deligibilite-6-12x12.jpg 12w, https:\/\/www.cliniquetagmed.com\/wp-content\/uploads\/2026\/02\/Prothese-discale-lombaire-criteres-deligibilite-6-75x75.jpg 75w, https:\/\/www.cliniquetagmed.com\/wp-content\/uploads\/2026\/02\/Prothese-discale-lombaire-criteres-deligibilite-6-480x480.jpg 480w, https:\/\/www.cliniquetagmed.com\/wp-content\/uploads\/2026\/02\/Prothese-discale-lombaire-criteres-deligibilite-6-200x200.jpg 200w, https:\/\/www.cliniquetagmed.com\/wp-content\/uploads\/2026\/02\/Prothese-discale-lombaire-criteres-deligibilite-6-96x96.jpg 96w\" sizes=\"auto, (max-width:767px) 480px, (max-width:1024px) 100vw, 1024px\" \/><figcaption><\/figcaption><\/figure>\n\n<h2 class=\"wp-block-heading\">Parcours patient transatlantique et accompagnement personnalis\u00e9 en chirurgie du dos<\/h2>\n\n<p>L\u2019acc\u00e8s aux innovations en <a class=\"wpil_keyword_link\" href=\"https:\/\/www.sostourismemedical.com\/chirurgie-du-dos\/\" target=\"_blank\" rel=\"noopener\" title=\"chirurgie du dos\" data-wpil-keyword-link=\"linked\" data-wpil-monitor-id=\"1360\">chirurgie du dos<\/a>, en particulier la proth\u00e8se discale lombaire, est facilit\u00e9 par la coordination \u00e9troite entre les \u00e9quipes m\u00e9dicales fran\u00e7aises et le r\u00e9seau qu\u00e9b\u00e9cois. Cette collaboration optimis\u00e9e cr\u00e9e un parcours s\u00e9curis\u00e9, efficace et centr\u00e9 sur le patient, depuis la premi\u00e8re consultation jusqu\u2019\u00e0 la r\u00e9\u00e9ducation.<\/p>\n\n<p>Le parcours d\u00e9bute par une \u00e9valuation approfondie incluant un bilan symptomatique et radiologique. Gr\u00e2ce \u00e0 la t\u00e9l\u00e9consultation, les patients peuvent \u00eatre orient\u00e9s rapidement vers des centres sp\u00e9cialis\u00e9s comme la <a href=\"https:\/\/www.cliniquetagmed.com\/prothese-discale-lombaire-une-solution-personnalisee.html\">Clinique TAGMED<\/a>, reconnue pour ses traitements conservateurs avanc\u00e9s de la lombalgie, afin d\u2019explorer toutes les alternatives avant l\u2019intervention chirurgicale.<\/p>\n\n<p>Si la chirurgie s\u2019av\u00e8re indiqu\u00e9e, l\u2019organisation du s\u00e9jour en France est r\u00e9alis\u00e9e avec soin, proposant un accompagnement personnalis\u00e9 qui int\u00e8gre la planification des op\u00e9rations dans des \u00e9tablissements de pointe, leur suivi rapproch\u00e9 et l\u2019encadrement par des sp\u00e9cialistes des implants vert\u00e9braux. La ma\u00eetrise des technologies implantables innovantes et la rigueur scientifique assurent des conditions optimales de s\u00e9curit\u00e9. Le patient b\u00e9n\u00e9ficie d\u2019un suivi adapt\u00e9 et continu, incluant les soins postop\u00e9ratoires et la r\u00e9\u00e9ducation fonctionnelle.<\/p>\n\n<p>Cette approche transatlantique offre des b\u00e9n\u00e9fices humains et \u00e9conomiques consid\u00e9rables. Elle permet de r\u00e9duire notablement les d\u00e9lais d\u2019attente, souvent longs au Qu\u00e9bec, et de ma\u00eetriser les co\u00fbts li\u00e9s \u00e0 la chirurgie. En outre, l\u2019exp\u00e9rience des chirurgiens fran\u00e7ais en implants dynamiques garantit une qualit\u00e9 technique et un taux de succ\u00e8s \u00e9lev\u00e9. L\u2019accompagnement global inclut un accompagnement administratif, logistique, linguistique et m\u00e9dical, garantissant ainsi un voyage m\u00e9dical serein et ma\u00eetris\u00e9.<\/p>\n\n<p>Ce dispositif de collaboration internationale illustre parfaitement l\u2019importance d\u2019une prise en charge multidisciplinaire et int\u00e9gr\u00e9e, permettant au patient de d\u00e9passer ses limitations fonctionnelles pour retrouver une vie active \u00e9panouie apr\u00e8s son op\u00e9ration.<\/p>\n\n<figure class=\"is-provider-youtube is-type-video wp-block-embed wp-block-embed-youtube wp-embed-aspect-16-9 wp-has-aspect-ratio\"><div class=\"wp-block-embed__wrapper\">\n<iframe loading=\"lazy\" title=\"La chirurgie rachidienne - \u00c9pisode 1\" width=\"1220\" height=\"686\" src=\"https:\/\/www.youtube.com\/embed\/MqIuLuGGXOw?feature=oembed\" frameborder=\"0\" allow=\"accelerometer; autoplay; clipboard-write; encrypted-media; gyroscope; picture-in-picture; web-share\" referrerpolicy=\"strict-origin-when-cross-origin\" allowfullscreen><\/iframe>\n<\/div><\/figure>\n\n\n\n\n<section aria-label=\"Tableau comparatif des traitements en proth\u00e8se discale lombaire\" class=\"max-h-[2000px] overflow-auto p-4 bg-gray-50 rounded-lg shadow-md\">\n  <h2 class=\"text-2xl font-semibold mb-4 text-gray-800\">Comparateur des traitements : Proth\u00e8se discale lombaire vs Fusion vert\u00e9brale vs D\u00e9compression seule<\/h2>\n  <div class=\"overflow-x-auto\">\n    <table role=\"table\" class=\"min-w-full border border-gray-300 rounded-lg text-left text-gray-700\">\n      <caption class=\"sr-only\">Tableau comparatif des crit\u00e8res d\u2019\u00e9ligibilit\u00e9 et caract\u00e9ristiques des traitements<\/caption>\n      <thead class=\"bg-gray-200 sticky top-0 z-10\">\n        <tr>\n          <th scope=\"col\" class=\"px-3 py-2 border-b border-gray-300 font-medium sticky left-0 bg-gray-200 z-20\">Crit\u00e8res<\/th>\n          <th scope=\"col\" class=\"px-3 py-2 border-b border-gray-300 font-medium text-center\">Proth\u00e8se discale lombaire<\/th>\n          <th scope=\"col\" class=\"px-3 py-2 border-b border-gray-300 font-medium text-center\">Fusion vert\u00e9brale<\/th>\n          <th scope=\"col\" class=\"px-3 py-2 border-b border-gray-300 font-medium text-center\">D\u00e9compression seule<\/th>\n        <\/tr>\n      <\/thead>\n      <tbody id=\"comparatif-body\" class=\"divide-y divide-gray-300 bg-white\"><\/tbody>\n    <\/table>\n  <\/div>\n<\/section>\n\n\n  \/*\n    Script pour g\u00e9n\u00e9rer dynamiquement un tableau comparatif interactif.\n    Donn\u00e9es en fran\u00e7ais pour les traitements :\n    &#8211; Proth\u00e8se discale lombaire\n    &#8211; Fusion vert\u00e9brale\n    &#8211; D\u00e9compression seule\n    \n    Conception :\n    &#8211; Tableau styl\u00e9 avec TailwindCSS\n    &#8211; Responsive et accessible (usage de r\u00f4les ARIA)\n    &#8211; Hauteur max 2000px avec overflow scroll\n  *\/\n\n  const data = {\n    columns: [\u00ab\u00a0Crit\u00e8res\u00a0\u00bb, \u00ab\u00a0Proth\u00e8se discale lombaire\u00a0\u00bb, \u00ab\u00a0Fusion vert\u00e9brale\u00a0\u00bb, \u00ab\u00a0D\u00e9compression seule\u00a0\u00bb],\n    rows: [\n      [\u00ab\u00a0Mobilit\u00e9 vert\u00e9brale\u00a0\u00bb, \u00ab\u00a0Pr\u00e9serv\u00e9e\u00a0\u00bb, \u00ab\u00a0Supprim\u00e9e\u00a0\u00bb, \u00ab\u00a0Pr\u00e9serv\u00e9e partiellement\u00a0\u00bb],\n      [\u00ab\u00a0R\u00e9cup\u00e9ration fonctionnelle\u00a0\u00bb, \u00ab\u00a0Rapide\u00a0\u00bb, \u00ab\u00a0Lente\u00a0\u00bb, \u00ab\u00a0Variable selon cas\u00a0\u00bb],\n      [\u00ab\u00a0Risques de d\u00e9g\u00e9n\u00e9rescence adjacente\u00a0\u00bb, \u00ab\u00a0Faibles\u00a0\u00bb, \u00ab\u00a0\u00c9lev\u00e9s\u00a0\u00bb, \u00ab\u00a0Mod\u00e9r\u00e9s\u00a0\u00bb],\n      [\u00ab\u00a0S\u00e9curit\u00e9 op\u00e9ratoire\u00a0\u00bb, \u00ab\u00a0\u00c9lev\u00e9e avec expertise sp\u00e9cialis\u00e9e\u00a0\u00bb, \u00ab\u00a0\u00c9lev\u00e9e mais proc\u00e9dure plus invasive\u00a0\u00bb, \u00ab\u00a0Variable selon besoins\u00a0\u00bb],\n      [\u00ab\u00a0Applications cliniques\u00a0\u00bb, \u00ab\u00a0Pathologies discales localis\u00e9es\u00a0\u00bb, \u00ab\u00a0Pathologies complexes ou instabilit\u00e9s\u00a0\u00bb, \u00ab\u00a0St\u00e9nose ou compressions nerveuses\u00a0\u00bb]\n    ]\n  };\n\n  function createTableBody(tbodyId, data) {\n    const tbody = document.getElementById(tbodyId);\n    \/\/ Nettoyer avant insertion\n    tbody.innerHTML = \u00ab\u00a0\u00a0\u00bb;\n\n    data.rows.forEach((row, idx) =&gt; {\n      const tr = document.createElement(\u00ab\u00a0tr\u00a0\u00bb);\n      tr.className = idx % 2 === 0 ? \u00ab\u00a0bg-gray-50 hover:bg-gray-100 cursor-default\u00a0\u00bb : \u00ab\u00a0hover:bg-gray-100 cursor-default\u00a0\u00bb;\n\n      row.forEach((cell, cellIndex) =&gt; {\n        const cellEl = cellIndex === 0 ? document.createElement(\u00ab\u00a0th\u00a0\u00bb) : document.createElement(\u00ab\u00a0td\u00a0\u00bb);\n        if (cellIndex === 0) {\n          \/\/ Premi\u00e8re colonne : en t\u00eate de rang\u00e9e, accessible\n          cellEl.scope = \u00ab\u00a0row\u00a0\u00bb;\n          cellEl.className = \u00ab\u00a0text-gray-800 font-semibold sticky left-0 bg-white border-r border-gray-300 px-3 py-2\u00a0\u00bb;\n        } else {\n          \/\/ Les autres colonnes normales\n          cellEl.className = \u00ab\u00a0px-3 py-2 border-b border-gray-300 text-center\u00a0\u00bb;\n        }\n        cellEl.textContent = cell;\n        tr.appendChild(cellEl);\n      });\n      tbody.appendChild(tr);\n    });\n  }\n\n  \/\/ G\u00e9n\u00e9ration au chargement\n  createTableBody(\u00ab\u00a0comparatif-body\u00a0\u00bb, data);\n\n\n<h2 class=\"wp-block-heading\">Aspects essentiels du suivi et de la r\u00e9\u00e9ducation apr\u00e8s pose de proth\u00e8se discale<\/h2>\n\n<p>Le succ\u00e8s \u00e0 long terme de la chirurgie par proth\u00e8se discale lombaire d\u00e9pend aussi d\u2019un suivi postop\u00e9ratoire rigoureux et d\u2019une r\u00e9\u00e9ducation adapt\u00e9e. Le r\u00f4le d\u2019un encadrement pluridisciplinaire, associant kin\u00e9sith\u00e9rapeutes, neurologues et chirurgiens, est primordial pour optimiser la r\u00e9cup\u00e9ration fonctionnelle.<\/p>\n\n<p>Durant les premi\u00e8res semaines, l\u2019objectif est de contr\u00f4ler la douleur et d\u2019assurer la cicatrisation tout en maintenant une mobilisation douce. La r\u00e9\u00e9ducation vise progressivement \u00e0 renforcer les muscles stabilisateurs du rachis lombaire et \u00e0 restaurer l\u2019\u00e9quilibre postural. Une attention particuli\u00e8re est port\u00e9e \u00e0 la correction des mauvaises habitudes qui ont pu contribuer \u00e0 la d\u00e9g\u00e9n\u00e9rescence discale initiale.<\/p>\n\n<p>\u00c0 moyen terme, le programme de r\u00e9\u00e9ducation favorise un retour progressif aux activit\u00e9s quotidiennes et sportives, toujours sous surveillance sp\u00e9cialis\u00e9e. Les patients sont suivis attentivement pour d\u00e9tecter toute limitation fonctionnelle persistante ou complications potentielles, garantissant ainsi un ajustement rapide du traitement si n\u00e9cessaire.<\/p>\n\n<p>L\u2019importance d\u2019une prise en charge continue s\u2019inscrit dans la philosophie globale de rigueur et de s\u00e9curit\u00e9 port\u00e9e par les \u00e9quipes fran\u00e7aises, reconnues mondialement pour leur savoir-faire. Ce cadre offre une confiance renforc\u00e9e aux patients qu\u00e9b\u00e9cois qui peuvent envisager leur parcours chirurgical avec s\u00e9r\u00e9nit\u00e9 et confiance.<\/p>\n\n<p>De nombreux patients t\u00e9moignent des r\u00e9sultats positifs, avec un retour \u00e0 une qualit\u00e9 de vie am\u00e9lior\u00e9e, une diminution durable des douleurs et une meilleure capacit\u00e9 \u00e0 g\u00e9rer leur activit\u00e9 physique. Ces r\u00e9sultats confirment les b\u00e9n\u00e9fices durables des implants dynamiques sur les limitations fonctionnelles li\u00e9es \u00e0 la lombalgie d\u00e9g\u00e9n\u00e9rative.<\/p>\n\n<figure class=\"wp-block-image size-full\"><img loading=\"lazy\" decoding=\"async\" width=\"1536\" height=\"1024\" src=\"https:\/\/www.cliniquetagmed.com\/wp-content\/uploads\/2026\/02\/Prothese-discale-lombaire-criteres-deligibilite-7.jpg\" alt=\"d\u00e9couvrez les crit\u00e8res d\u2019\u00e9ligibilit\u00e9 pour une proth\u00e8se discale lombaire, une solution innovante pour soulager les douleurs vert\u00e9brales et am\u00e9liorer la mobilit\u00e9.\" class=\"wp-image-89874\" title=\"\" srcset=\"https:\/\/www.cliniquetagmed.com\/wp-content\/uploads\/2026\/02\/Prothese-discale-lombaire-criteres-deligibilite-7.jpg 1536w, https:\/\/www.cliniquetagmed.com\/wp-content\/uploads\/2026\/02\/Prothese-discale-lombaire-criteres-deligibilite-7-300x200.jpg 300w, https:\/\/www.cliniquetagmed.com\/wp-content\/uploads\/2026\/02\/Prothese-discale-lombaire-criteres-deligibilite-7-1024x683.jpg 1024w, https:\/\/www.cliniquetagmed.com\/wp-content\/uploads\/2026\/02\/Prothese-discale-lombaire-criteres-deligibilite-7-768x512.jpg 768w, https:\/\/www.cliniquetagmed.com\/wp-content\/uploads\/2026\/02\/Prothese-discale-lombaire-criteres-deligibilite-7-18x12.jpg 18w, https:\/\/www.cliniquetagmed.com\/wp-content\/uploads\/2026\/02\/Prothese-discale-lombaire-criteres-deligibilite-7-113x75.jpg 113w, https:\/\/www.cliniquetagmed.com\/wp-content\/uploads\/2026\/02\/Prothese-discale-lombaire-criteres-deligibilite-7-480x320.jpg 480w, https:\/\/www.cliniquetagmed.com\/wp-content\/uploads\/2026\/02\/Prothese-discale-lombaire-criteres-deligibilite-7-150x100.jpg 150w\" sizes=\"auto, (max-width:767px) 480px, (max-width:1536px) 100vw, 1536px\" \/><figcaption><\/figcaption><\/figure>\n\n<figure class=\"is-provider-youtube is-type-video wp-block-embed wp-block-embed-youtube wp-embed-aspect-16-9 wp-has-aspect-ratio\"><div class=\"wp-block-embed__wrapper\">\n<iframe loading=\"lazy\" title=\"Spinal Disc Replacement Surgery - Who Can It Help?\" width=\"1220\" height=\"686\" src=\"https:\/\/www.youtube.com\/embed\/4e-b4RwGjag?feature=oembed\" frameborder=\"0\" allow=\"accelerometer; autoplay; clipboard-write; encrypted-media; gyroscope; picture-in-picture; web-share\" referrerpolicy=\"strict-origin-when-cross-origin\" allowfullscreen><\/iframe>\n<\/div><\/figure>\n\n<p>Pour en savoir plus ou pour une \u00e9valuation personnalis\u00e9e, visitez <a href=\"https:\/\/www.sostourismemedical.com\/contact\" target=\"_blank\" rel=\"noopener\">SOS Tourisme M\u00e9dical<\/a>.<\/p>\n\n\n{\u00ab\u00a0@context\u00a0\u00bb:\u00a0\u00bbhttps:\/\/schema.org\u00a0\u00bb,\u00a0\u00bb@type\u00a0\u00bb:\u00a0\u00bbFAQPage\u00a0\u00bb,\u00a0\u00bbmainEntity\u00a0\u00bb:[{\u00ab\u00a0@type\u00a0\u00bb:\u00a0\u00bbQuestion\u00a0\u00bb,\u00a0\u00bbname\u00a0\u00bb:\u00a0\u00bbQuels sont les principaux critu00e8res du2019u00e9ligibilitu00e9 u00e0 une prothu00e8se discale lombaire ?\u00a0\u00bb,\u00a0\u00bbacceptedAnswer\u00a0\u00bb:{\u00ab\u00a0@type\u00a0\u00bb:\u00a0\u00bbAnswer\u00a0\u00bb,\u00a0\u00bbtext\u00a0\u00bb:\u00a0\u00bbLes critu00e8res incluent une douleur lombaire invalidante apru00e8s 3 u00e0 6 mois de traitements conservateurs, une pathologie discale localisu00e9e, une bonne qualitu00e9 osseuse et une mobilitu00e9 segmentaire suffisante, sans contre-indications majeures telles quu2019une scoliose su00e9vu00e8re ou une ostu00e9oporose avancu00e9e.\u00a0\u00bb}},{\u00ab\u00a0@type\u00a0\u00bb:\u00a0\u00bbQuestion\u00a0\u00bb,\u00a0\u00bbname\u00a0\u00bb:\u00a0\u00bbEn quoi la prothu00e8se discale lombaire diffu00e8re-t-elle de la fusion vertu00e9brale ?\u00a0\u00bb,\u00a0\u00bbacceptedAnswer\u00a0\u00bb:{\u00ab\u00a0@type\u00a0\u00bb:\u00a0\u00bbAnswer\u00a0\u00bb,\u00a0\u00bbtext\u00a0\u00bb:\u00a0\u00bbLa prothu00e8se discale lombaire pru00e9serve la mobilitu00e9 naturelle de la colonne tandis que la fusion immobilise un segment. Cela ru00e9duit les risques de du00e9gu00e9nu00e9rescence des niveaux adjacents et favorise un retour fonctionnel plus rapide.\u00a0\u00bb}},{\u00ab\u00a0@type\u00a0\u00bb:\u00a0\u00bbQuestion\u00a0\u00bb,\u00a0\u00bbname\u00a0\u00bb:\u00a0\u00bbQuel est le ru00f4le de la ru00e9u00e9ducation apru00e8s la chirurgie ?\u00a0\u00bb,\u00a0\u00bbacceptedAnswer\u00a0\u00bb:{\u00ab\u00a0@type\u00a0\u00bb:\u00a0\u00bbAnswer\u00a0\u00bb,\u00a0\u00bbtext\u00a0\u00bb:\u00a0\u00bbLa ru00e9u00e9ducation vise u00e0 consolider la mobilisation douce post-opu00e9ratoire, renforcer les muscles stabilisateurs et permettre un retour progressif aux activitu00e9s normales, limitant les risques de complications et maximisant les ru00e9sultats fonctionnels.\u00a0\u00bb}},{\u00ab\u00a0@type\u00a0\u00bb:\u00a0\u00bbQuestion\u00a0\u00bb,\u00a0\u00bbname\u00a0\u00bb:\u00a0\u00bbComment su2019organise le parcours transatlantique entre le Quu00e9bec et la France ?\u00a0\u00bb,\u00a0\u00bbacceptedAnswer\u00a0\u00bb:{\u00ab\u00a0@type\u00a0\u00bb:\u00a0\u00bbAnswer\u00a0\u00bb,\u00a0\u00bbtext\u00a0\u00bb:\u00a0\u00bbGru00e2ce aux plateformes spu00e9cialisu00e9es telles que SOS Tourisme Mu00e9dical, le patient bu00e9nu00e9ficie du2019une prise en charge coordonnu00e9e incluant u00e9valuations initiales, organisation logistique, intervention dans des centres experts, et suivi post-opu00e9ratoire personnalisu00e9.\u00a0\u00bb}},{\u00ab\u00a0@type\u00a0\u00bb:\u00a0\u00bbQuestion\u00a0\u00bb,\u00a0\u00bbname\u00a0\u00bb:\u00a0\u00bbPeut-on envisager une prothu00e8se discale lombaire en cas de sciatique importante ?\u00a0\u00bb,\u00a0\u00bbacceptedAnswer\u00a0\u00bb:{\u00ab\u00a0@type\u00a0\u00bb:\u00a0\u00bbAnswer\u00a0\u00bb,\u00a0\u00bbtext\u00a0\u00bb:\u00a0\u00bbSi une compression nerveuse su00e9vu00e8re est pru00e9sente, une du00e9compression simple peut u00eatre priorisu00e9e. La prothu00e8se discale est plutu00f4t ru00e9servu00e9e aux cas ou00f9 la douleur est principalement discale et sans atteinte neurologique majeure.\u00a0\u00bb}}]}\n\n<h3>Quels sont les principaux crit\u00e8res d\u2019\u00e9ligibilit\u00e9 \u00e0 une proth\u00e8se discale lombaire ?<\/h3>\n<p>Les crit\u00e8res incluent une douleur lombaire invalidante apr\u00e8s 3 \u00e0 6 mois de traitements conservateurs, une pathologie discale localis\u00e9e, une bonne qualit\u00e9 osseuse et une mobilit\u00e9 segmentaire suffisante, sans contre-indications majeures telles qu\u2019une scoliose s\u00e9v\u00e8re ou une ost\u00e9oporose avanc\u00e9e.<\/p>\n<h3>En quoi la proth\u00e8se discale lombaire diff\u00e8re-t-elle de la fusion vert\u00e9brale ?<\/h3>\n<p>La proth\u00e8se discale lombaire pr\u00e9serve la mobilit\u00e9 naturelle de la colonne tandis que la fusion immobilise un segment. Cela r\u00e9duit les risques de d\u00e9g\u00e9n\u00e9rescence des niveaux adjacents et favorise un retour fonctionnel plus rapide.<\/p>\n<h3>Quel est le r\u00f4le de la r\u00e9\u00e9ducation apr\u00e8s la chirurgie ?<\/h3>\n<p>La r\u00e9\u00e9ducation vise \u00e0 consolider la mobilisation douce post-op\u00e9ratoire, renforcer les muscles stabilisateurs et permettre un retour progressif aux activit\u00e9s normales, limitant les risques de complications et maximisant les r\u00e9sultats fonctionnels.<\/p>\n<h3>Comment s\u2019organise le parcours transatlantique entre le Qu\u00e9bec et la France ?<\/h3>\n<p>Gr\u00e2ce aux plateformes sp\u00e9cialis\u00e9es telles que SOS Tourisme M\u00e9dical, le patient b\u00e9n\u00e9ficie d\u2019une prise en charge coordonn\u00e9e incluant \u00e9valuations initiales, organisation logistique, intervention dans des centres experts, et suivi post-op\u00e9ratoire personnalis\u00e9.<\/p>\n<h3>Peut-on envisager une proth\u00e8se discale lombaire en cas de sciatique importante ?<\/h3>\n<p>Si une compression nerveuse s\u00e9v\u00e8re est pr\u00e9sente, une d\u00e9compression simple peut \u00eatre prioris\u00e9e. La proth\u00e8se discale est plut\u00f4t r\u00e9serv\u00e9e aux cas o\u00f9 la douleur est principalement discale et sans atteinte neurologique majeure.<\/p>\n\n","protected":false},"excerpt":{"rendered":"<p>La proth\u00e8se discale lombaire repr\u00e9sente une avanc\u00e9e majeure dans le traitement chirurgical des pathologies discales, offrant une alternative innovante pour les patients souffrant de douleurs lombaires<span class=\"excerpt-hellip\"> [\u2026]<\/span><\/p>\n","protected":false},"author":5,"featured_media":89871,"comment_status":"closed","ping_status":"closed","sticky":false,"template":"","format":"standard","meta":{"rs_blank_template":"","rs_page_bg_color":"","slide_template_v7":"","footnotes":"","jetpack_publicize_message":"","jetpack_publicize_feature_enabled":true,"jetpack_social_post_already_shared":true,"jetpack_social_options":{"image_generator_settings":{"template":"highway","default_image_id":0,"font":"","enabled":false},"version":2}},"categories":[838],"tags":[2211,2171,2261,2174,2157],"class_list":["post-89875","post","type-post","status-publish","format-standard","has-post-thumbnail","hentry","category-hernie-discale","tag-chirurgie-lombaire","tag-douleur-lombaire","tag-eligibilite-prothese-discale","tag-prothese-discale-lombaire","tag-traitement-lombaire"],"jetpack_publicize_connections":[],"_links":{"self":[{"href":"https:\/\/www.cliniquetagmed.com\/en\/wp-json\/wp\/v2\/posts\/89875","targetHints":{"allow":["GET"]}}],"collection":[{"href":"https:\/\/www.cliniquetagmed.com\/en\/wp-json\/wp\/v2\/posts"}],"about":[{"href":"https:\/\/www.cliniquetagmed.com\/en\/wp-json\/wp\/v2\/types\/post"}],"author":[{"embeddable":true,"href":"https:\/\/www.cliniquetagmed.com\/en\/wp-json\/wp\/v2\/users\/5"}],"replies":[{"embeddable":true,"href":"https:\/\/www.cliniquetagmed.com\/en\/wp-json\/wp\/v2\/comments?post=89875"}],"version-history":[{"count":1,"href":"https:\/\/www.cliniquetagmed.com\/en\/wp-json\/wp\/v2\/posts\/89875\/revisions"}],"predecessor-version":[{"id":89880,"href":"https:\/\/www.cliniquetagmed.com\/en\/wp-json\/wp\/v2\/posts\/89875\/revisions\/89880"}],"wp:featuredmedia":[{"embeddable":true,"href":"https:\/\/www.cliniquetagmed.com\/en\/wp-json\/wp\/v2\/media\/89871"}],"wp:attachment":[{"href":"https:\/\/www.cliniquetagmed.com\/en\/wp-json\/wp\/v2\/media?parent=89875"}],"wp:term":[{"taxonomy":"category","embeddable":true,"href":"https:\/\/www.cliniquetagmed.com\/en\/wp-json\/wp\/v2\/categories?post=89875"},{"taxonomy":"post_tag","embeddable":true,"href":"https:\/\/www.cliniquetagmed.com\/en\/wp-json\/wp\/v2\/tags?post=89875"}],"curies":[{"name":"wp","href":"https:\/\/api.w.org\/{rel}","templated":true}]}}